{"id":112,"count":5,"description":"Boucles d'oreilles artisanales r\u00e9alis\u00e9es \u00e0 la main en Occitanie. D\u00e9couvrez des mod\u00e8les de boucles d'oreilles en perles Miyuki, tiss\u00e9es et assembl\u00e9es \u00e0 la main. Je vous propose une s\u00e9lection de boucles d'oreilles faites main inspir\u00e9es de mon univers po\u00e9tique et mignon.","link":"https:\/\/alicier.com\/index.php\/categorie-produit\/bijoux-fait-main\/boucles-d-oreilles-artisanales\/","name":"Boucles d'oreilles artisanales","slug":"boucles-d-oreilles-artisanales","taxonomy":"product_cat","parent":105,"meta":[],"menu_order":0,"yoast_head":"<!-- This site is optimized with the Yoast SEO plugin v27.5 - https:\/\/yoast.com\/product\/yoast-seo-wordpress\/ -->\n<title>Boucles d&#039;oreilles artisanales<\/title>\n<meta name=\"description\" content=\"Boucles d&#039;oreilles artisanales fabriqu\u00e9es \u00e0 la main en Occitanie (France). Retrouvez des mod\u00e8les de boucles d&#039;oreilles en perles Miyuki tiss\u00e9es \u00e0 la main.\" \/>\n<meta name=\"robots\" content=\"index, follow, max-snippet:-1, max-image-preview:large, max-video-preview:-1\" \/>\n<link rel=\"canonical\" href=\"https:\/\/alicier.com\/index.php\/categorie-produit\/bijoux-fait-main\/boucles-d-oreilles-artisanales\/\" \/>\n<meta property=\"og:locale\" content=\"fr_FR\" \/>\n<meta property=\"og:type\" content=\"article\" \/>\n<meta property=\"og:title\" content=\"Boucles d&#039;oreilles artisanales\" \/>\n<meta property=\"og:description\" content=\"Boucles d&#039;oreilles artisanales fabriqu\u00e9es \u00e0 la main en Occitanie (France). Retrouvez des mod\u00e8les de boucles d&#039;oreilles en perles Miyuki tiss\u00e9es \u00e0 la main.\" \/>\n<meta property=\"og:url\" content=\"https:\/\/alicier.com\/index.php\/categorie-produit\/bijoux-fait-main\/boucles-d-oreilles-artisanales\/\" \/>\n<meta property=\"og:site_name\" content=\"Alicier\" \/>\n<meta name=\"twitter:card\" content=\"summary_large_image\" \/>\n<script type=\"application\/ld+json\" class=\"yoast-schema-graph\">{\"@context\":\"https:\\\/\\\/schema.org\",\"@graph\":[{\"@type\":\"CollectionPage\",\"@id\":\"https:\\\/\\\/alicier.com\\\/index.php\\\/categorie-produit\\\/bijoux-fait-main\\\/boucles-d-oreilles-artisanales\\\/\",\"url\":\"https:\\\/\\\/alicier.com\\\/index.php\\\/categorie-produit\\\/bijoux-fait-main\\\/boucles-d-oreilles-artisanales\\\/\",\"name\":\"Boucles d'oreilles artisanales\",\"isPartOf\":{\"@id\":\"https:\\\/\\\/alicier.com\\\/#website\"},\"description\":\"Boucles d'oreilles artisanales fabriqu\u00e9es \u00e0 la main en Occitanie (France). Retrouvez des mod\u00e8les de boucles d'oreilles en perles Miyuki tiss\u00e9es \u00e0 la main.\",\"breadcrumb\":{\"@id\":\"https:\\\/\\\/alicier.com\\\/index.php\\\/categorie-produit\\\/bijoux-fait-main\\\/boucles-d-oreilles-artisanales\\\/#breadcrumb\"},\"inLanguage\":\"fr-FR\"},{\"@type\":\"BreadcrumbList\",\"@id\":\"https:\\\/\\\/alicier.com\\\/index.php\\\/categorie-produit\\\/bijoux-fait-main\\\/boucles-d-oreilles-artisanales\\\/#breadcrumb\",\"itemListElement\":[{\"@type\":\"ListItem\",\"position\":1,\"name\":\"Accueil\",\"item\":\"https:\\\/\\\/alicier.com\\\/\"},{\"@type\":\"ListItem\",\"position\":2,\"name\":\"Bijoux fait main\",\"item\":\"https:\\\/\\\/alicier.com\\\/index.php\\\/categorie-produit\\\/bijoux-fait-main\\\/\"},{\"@type\":\"ListItem\",\"position\":3,\"name\":\"Boucles d'oreilles artisanales\"}]},{\"@type\":\"WebSite\",\"@id\":\"https:\\\/\\\/alicier.com\\\/#website\",\"url\":\"https:\\\/\\\/alicier.com\\\/\",\"name\":\"Alicier\",\"description\":\"Perles &amp; DIY\",\"publisher\":{\"@id\":\"https:\\\/\\\/alicier.com\\\/#organization\"},\"potentialAction\":[{\"@type\":\"SearchAction\",\"target\":{\"@type\":\"EntryPoint\",\"urlTemplate\":\"https:\\\/\\\/alicier.com\\\/?s={search_term_string}\"},\"query-input\":{\"@type\":\"PropertyValueSpecification\",\"valueRequired\":true,\"valueName\":\"search_term_string\"}}],\"inLanguage\":\"fr-FR\"},{\"@type\":\"Organization\",\"@id\":\"https:\\\/\\\/alicier.com\\\/#organization\",\"name\":\"Alicier\",\"url\":\"https:\\\/\\\/alicier.com\\\/\",\"logo\":{\"@type\":\"ImageObject\",\"inLanguage\":\"fr-FR\",\"@id\":\"https:\\\/\\\/alicier.com\\\/#\\\/schema\\\/logo\\\/image\\\/\",\"url\":\"https:\\\/\\\/alicier.com\\\/wp-content\\\/uploads\\\/2025\\\/04\\\/cropped-icon_alicier_2025_100.png\",\"contentUrl\":\"https:\\\/\\\/alicier.com\\\/wp-content\\\/uploads\\\/2025\\\/04\\\/cropped-icon_alicier_2025_100.png\",\"width\":100,\"height\":100,\"caption\":\"Alicier\"},\"image\":{\"@id\":\"https:\\\/\\\/alicier.com\\\/#\\\/schema\\\/logo\\\/image\\\/\"}}]}<\/script>\n<!-- \/ Yoast SEO plugin. -->","yoast_head_json":{"title":"Boucles d'oreilles artisanales","description":"Boucles d'oreilles artisanales fabriqu\u00e9es \u00e0 la main en Occitanie (France). Retrouvez des mod\u00e8les de boucles d'oreilles en perles Miyuki tiss\u00e9es \u00e0 la main.","robots":{"index":"index","follow":"follow","max-snippet":"max-snippet:-1","max-image-preview":"max-image-preview:large","max-video-preview":"max-video-preview:-1"},"canonical":"https:\/\/alicier.com\/index.php\/categorie-produit\/bijoux-fait-main\/boucles-d-oreilles-artisanales\/","og_locale":"fr_FR","og_type":"article","og_title":"Boucles d'oreilles artisanales","og_description":"Boucles d'oreilles artisanales fabriqu\u00e9es \u00e0 la main en Occitanie (France). Retrouvez des mod\u00e8les de boucles d'oreilles en perles Miyuki tiss\u00e9es \u00e0 la main.","og_url":"https:\/\/alicier.com\/index.php\/categorie-produit\/bijoux-fait-main\/boucles-d-oreilles-artisanales\/","og_site_name":"Alicier","twitter_card":"summary_large_image","schema":{"@context":"https:\/\/schema.org","@graph":[{"@type":"CollectionPage","@id":"https:\/\/alicier.com\/index.php\/categorie-produit\/bijoux-fait-main\/boucles-d-oreilles-artisanales\/","url":"https:\/\/alicier.com\/index.php\/categorie-produit\/bijoux-fait-main\/boucles-d-oreilles-artisanales\/","name":"Boucles d'oreilles artisanales","isPartOf":{"@id":"https:\/\/alicier.com\/#website"},"description":"Boucles d'oreilles artisanales fabriqu\u00e9es \u00e0 la main en Occitanie (France). Retrouvez des mod\u00e8les de boucles d'oreilles en perles Miyuki tiss\u00e9es \u00e0 la main.","breadcrumb":{"@id":"https:\/\/alicier.com\/index.php\/categorie-produit\/bijoux-fait-main\/boucles-d-oreilles-artisanales\/#breadcrumb"},"inLanguage":"fr-FR"},{"@type":"BreadcrumbList","@id":"https:\/\/alicier.com\/index.php\/categorie-produit\/bijoux-fait-main\/boucles-d-oreilles-artisanales\/#breadcrumb","itemListElement":[{"@type":"ListItem","position":1,"name":"Accueil","item":"https:\/\/alicier.com\/"},{"@type":"ListItem","position":2,"name":"Bijoux fait main","item":"https:\/\/alicier.com\/index.php\/categorie-produit\/bijoux-fait-main\/"},{"@type":"ListItem","position":3,"name":"Boucles d'oreilles artisanales"}]},{"@type":"WebSite","@id":"https:\/\/alicier.com\/#website","url":"https:\/\/alicier.com\/","name":"Alicier","description":"Perles &amp; DIY","publisher":{"@id":"https:\/\/alicier.com\/#organization"},"potentialAction":[{"@type":"SearchAction","target":{"@type":"EntryPoint","urlTemplate":"https:\/\/alicier.com\/?s={search_term_string}"},"query-input":{"@type":"PropertyValueSpecification","valueRequired":true,"valueName":"search_term_string"}}],"inLanguage":"fr-FR"},{"@type":"Organization","@id":"https:\/\/alicier.com\/#organization","name":"Alicier","url":"https:\/\/alicier.com\/","logo":{"@type":"ImageObject","inLanguage":"fr-FR","@id":"https:\/\/alicier.com\/#\/schema\/logo\/image\/","url":"https:\/\/alicier.com\/wp-content\/uploads\/2025\/04\/cropped-icon_alicier_2025_100.png","contentUrl":"https:\/\/alicier.com\/wp-content\/uploads\/2025\/04\/cropped-icon_alicier_2025_100.png","width":100,"height":100,"caption":"Alicier"},"image":{"@id":"https:\/\/alicier.com\/#\/schema\/logo\/image\/"}}]}},"_links":{"self":[{"href":"https:\/\/alicier.com\/index.php\/wp-json\/wp\/v2\/product_cat\/112","targetHints":{"allow":["GET"]}}],"collection":[{"href":"https:\/\/alicier.com\/index.php\/wp-json\/wp\/v2\/product_cat"}],"about":[{"href":"https:\/\/alicier.com\/index.php\/wp-json\/wp\/v2\/taxonomies\/product_cat"}],"up":[{"embeddable":true,"href":"https:\/\/alicier.com\/index.php\/wp-json\/wp\/v2\/product_cat\/105"}],"wp:post_type":[{"href":"https:\/\/alicier.com\/index.php\/wp-json\/wp\/v2\/product?product_cat=112"}],"curies":[{"name":"wp","href":"https:\/\/api.w.org\/{rel}","templated":true}]}}