{"id":101,"date":"2020-12-30T20:33:45","date_gmt":"2020-12-30T19:33:45","guid":{"rendered":"https:\/\/alicier.com\/?p=101"},"modified":"2024-07-01T22:02:24","modified_gmt":"2024-07-01T20:02:24","slug":"grille-de-tissage-attache-masque-en-perles-miyuki","status":"publish","type":"post","link":"https:\/\/alicier.com\/index.php\/2020\/12\/30\/grille-de-tissage-attache-masque-en-perles-miyuki\/","title":{"rendered":"Transformer une Grille de Bracelet en Attache masque en perles Miyuki"},"content":{"rendered":"\n<p>Bonjour \u00e0 tous ! Aujourd&#8217;hui pas de nouvelle vid\u00e9o sur le blog mais une petite astuce pour transformer une Grille de Bracelet en Attache masque en perles Miyuki. <\/p>\n\n\n\n<p><strong>Ce mod\u00e8le ne doit pas \u00eatre reproduit \u00e0 des fins commerciales. Merci de me citer avec <a href=\"https:\/\/alicier.com\/\">mon blog<\/a>, <a href=\"https:\/\/www.youtube.com\/channel\/UCcLQT4VLbkqmAAJYaQqxGAQ\">ma cha\u00eene youtube<\/a>, mon <a href=\"https:\/\/www.instagram.com\/lalicier\/\">instagram<\/a> ou ma <a href=\"https:\/\/www.facebook.com\/CreationsAlicier\">page facebook<\/a> si vous le reproduisez et le partagez.<\/strong><\/p>\n\n\n\n<h2 class=\"wp-block-heading\">Qu&#8217;est-ce qu&#8217;un attache masque en perles ou une extension de masque ?<\/h2>\n\n\n\n<p>Il s&#8217;agit d&#8217;un <a href=\"https:\/\/www.instagram.com\/p\/CI-1QkUKaXy\/?utm_source=ig_web_copy_link\">accessoire \u00e0 placer derri\u00e8re la t\u00eate<\/a> sur lequel on vient accrocher les \u00e9lastiques du masque. Cela permet d&#8217;ajuster le masque \u00e0 la taille de sa t\u00eate lorsque celui-ci a des \u00e9lastiques trop grand, mais surtout cela permet de ne plus avoir mal derri\u00e8re les oreilles \u00e0 la fin de la journ\u00e9e. Il en existe de diff\u00e9rentes sortes : en plastique, en tissu, en cuir et voici la version en tissage de perles !<\/p>\n\n\n\n<figure class=\"wp-block-image size-large\"><img loading=\"lazy\" decoding=\"async\" width=\"1024\" height=\"768\" src=\"https:\/\/alicier.com\/wp-content\/uploads\/2020\/12\/attache-masque-camaieu-bleu-turquoise-final-1024x768.jpg\" alt=\"Extension de masque en perles\" class=\"wp-image-108\" srcset=\"https:\/\/alicier.com\/wp-content\/uploads\/2020\/12\/attache-masque-camaieu-bleu-turquoise-final-1024x768.jpg 1024w, https:\/\/alicier.com\/wp-content\/uploads\/2020\/12\/attache-masque-camaieu-bleu-turquoise-final-600x450.jpg 600w, https:\/\/alicier.com\/wp-content\/uploads\/2020\/12\/attache-masque-camaieu-bleu-turquoise-final-300x225.jpg 300w, https:\/\/alicier.com\/wp-content\/uploads\/2020\/12\/attache-masque-camaieu-bleu-turquoise-final-768x576.jpg 768w, https:\/\/alicier.com\/wp-content\/uploads\/2020\/12\/attache-masque-camaieu-bleu-turquoise-final-80x60.jpg 80w, https:\/\/alicier.com\/wp-content\/uploads\/2020\/12\/attache-masque-camaieu-bleu-turquoise-final.jpg 1280w\" sizes=\"auto, (max-width: 1024px) 100vw, 1024px\" \/><figcaption>Extension de masque en perles<\/figcaption><\/figure>\n\n\n\n<h2 class=\"wp-block-heading\">Astuces pour cr\u00e9er un attache-masque en perles<\/h2>\n\n\n\n<p>Pour cr\u00e9er cet attache masque, je me suis inspir\u00e9e de deux tutoriels vid\u00e9os que j&#8217;ai pr\u00e9c\u00e9demment r\u00e9alis\u00e9. Le premier est le tutoriel attache-masque en miyuki que j&#8217;ai cr\u00e9\u00e9 pour le site Perles and Co. Retrouver <a href=\"https:\/\/www.perlesandco.com\/tutoriels\/t16341-attache-masque-en-tissage-de-perles-miyuki-delicas-peyote-impair.html\">la grille de tissage et le mat\u00e9riel<\/a> en cliquant sur le lien et voici la vid\u00e9o en question ci-dessous. Cette vid\u00e9o vous montre comment cr\u00e9er un trou dans votre tissage pour y coudre des boutons \u00e0 queue. Ce sont ces petits boutons qui vous permettront de fixer les \u00e9lastiques du masque.<\/p>\n\n\n\n<figure class=\"wp-block-embed is-type-video is-provider-youtube wp-block-embed-youtube wp-embed-aspect-16-9 wp-has-aspect-ratio\"><div class=\"wp-block-embed__wrapper\">\n<iframe loading=\"lazy\" title=\"TUTO | Attache Masque en Tissage de Perles Miyuki Delica Peyote impair\" width=\"1080\" height=\"608\" src=\"https:\/\/www.youtube.com\/embed\/OwpXaaqF96Y?feature=oembed\" frameborder=\"0\" allow=\"accelerometer; autoplay; clipboard-write; encrypted-media; gyroscope; picture-in-picture; web-share\" referrerpolicy=\"strict-origin-when-cross-origin\" allowfullscreen><\/iframe>\n<\/div><\/figure>\n\n\n\n<p>Le deuxi\u00e8me est une vid\u00e9o que j&#8217;ai post\u00e9 sur ma cha\u00eene personnel L&#8217;alicier o\u00f9 je vous apprend \u00e0 r\u00e9aliser un bracelet en tissage Peyote Impair. Cette <a href=\"https:\/\/alicier.com\/index.php\/2020\/11\/14\/apprendre-le-tissage-peyote-impair\/\">grille de tissage bracelet camaieu en miyuki<\/a> vous a beaucoup plus (et \u00e0 moi aussi) c&#8217;est pourquoi je l&#8217;ai r\u00e9utilis\u00e9 pour cr\u00e9er cet attache masque mais j&#8217;ai chang\u00e9 les couleurs.<\/p>\n\n\n\n<figure class=\"wp-block-image size-large\"><img loading=\"lazy\" decoding=\"async\" width=\"1024\" height=\"683\" src=\"https:\/\/alicier.com\/wp-content\/uploads\/2020\/11\/bracelet-peyote-impair-presentation-1024x683.jpg\" alt=\"bracelet peyote impair couleurs camaieux\" class=\"wp-image-49\"\/><figcaption>bracelet peyote impair couleurs camaieux<\/figcaption><\/figure>\n\n\n\n<h2 class=\"wp-block-heading\">Sch\u00e9ma de tissage perles Miyuki attache-masque bleu vert<\/h2>\n\n\n\n<figure class=\"wp-block-image size-large\"><img loading=\"lazy\" decoding=\"async\" width=\"1024\" height=\"311\" src=\"https:\/\/alicier.com\/wp-content\/uploads\/2020\/12\/bracelet-camaieu-bleu-canard-1024x311.jpg\" alt=\"\" class=\"wp-image-105\" srcset=\"https:\/\/alicier.com\/wp-content\/uploads\/2020\/12\/bracelet-camaieu-bleu-canard-1024x311.jpg 1024w, https:\/\/alicier.com\/wp-content\/uploads\/2020\/12\/bracelet-camaieu-bleu-canard-scaled-600x182.jpg 600w, https:\/\/alicier.com\/wp-content\/uploads\/2020\/12\/bracelet-camaieu-bleu-canard-300x91.jpg 300w, https:\/\/alicier.com\/wp-content\/uploads\/2020\/12\/bracelet-camaieu-bleu-canard-768x233.jpg 768w, https:\/\/alicier.com\/wp-content\/uploads\/2020\/12\/bracelet-camaieu-bleu-canard-1536x467.jpg 1536w, https:\/\/alicier.com\/wp-content\/uploads\/2020\/12\/bracelet-camaieu-bleu-canard-2048x622.jpg 2048w, https:\/\/alicier.com\/wp-content\/uploads\/2020\/12\/bracelet-camaieu-bleu-canard-198x60.jpg 198w\" sizes=\"auto, (max-width: 1024px) 100vw, 1024px\" \/><\/figure>\n\n\n\n<p><strong>Mod\u00e8le d\u00e9pos\u00e9. Reproduction \u00e0 des fins commerciales interdites. Reproduction pour usage priv\u00e9 autoris\u00e9e contre citation de l&#8217;auteur.<\/strong><\/p>\n\n\n\n<p>Comme vous pouvez le voir sur ce sch\u00e9ma, j&#8217;ai pr\u00e9-plac\u00e9 les trous pour y glisser les boutons. Cependant, le mieux est d&#8217;ajuster cet attache-masque \u00e0 votre tour de t\u00eate. C&#8217;est pourquoi il vaut mieux faire les trous tout \u00e0 la fin quand la taille du tissage est suffisante. Pour cela testez le au fur et \u00e0 mesure en pla\u00e7ant le tissage derri\u00e8re la t\u00eate et en demandant \u00e0 quelqu&#8217;un de placer le masque sur votre visage et de tirer les \u00e9lastiques en arri\u00e8re sur le tissage.<\/p>\n\n\n\n<p>Pour agrandir le tissage r\u00e9p\u00e9tez simplement les motifs de part et d&#8217;autre. Lorsqu&#8217;il est suffisamment grand, commencez la diminution pour cr\u00e9er le pointe et le trou en m\u00eame temps. <\/p>\n\n\n\n<p>Attention, certains boutons ont une base plus \u00e9paisse. J&#8217;ai essay\u00e9 de trouver des boutons avec un support assez fin pour les glisser dans la fente en mercerie et je n&#8217;ai trouv\u00e9 qu&#8217;un seul mod\u00e8le correspondant parmi la centaine propos\u00e9 ! C&#8217;est pourquoi, si vous le pouvez, utilisez les boutons de la marque Atelier Brunette qui ont \u00e9t\u00e9 utilis\u00e9 dans ce tutoriel.<\/p>\n\n\n\n<h2 class=\"wp-block-heading\">Le mat\u00e9riel n\u00e9cessaire pour utiliser un attache masque<\/h2>\n\n\n\n<figure class=\"wp-block-image size-large\"><img loading=\"lazy\" decoding=\"async\" width=\"1024\" height=\"768\" src=\"https:\/\/alicier.com\/wp-content\/uploads\/2020\/12\/attache-masque-camaieu-bleu-turquoise-material2-1024x768.jpg\" alt=\"liste des perles miyuki delicas bleu canard\" class=\"wp-image-107\" srcset=\"https:\/\/alicier.com\/wp-content\/uploads\/2020\/12\/attache-masque-camaieu-bleu-turquoise-material2-1024x768.jpg 1024w, https:\/\/alicier.com\/wp-content\/uploads\/2020\/12\/attache-masque-camaieu-bleu-turquoise-material2-600x450.jpg 600w, https:\/\/alicier.com\/wp-content\/uploads\/2020\/12\/attache-masque-camaieu-bleu-turquoise-material2-300x225.jpg 300w, https:\/\/alicier.com\/wp-content\/uploads\/2020\/12\/attache-masque-camaieu-bleu-turquoise-material2-768x576.jpg 768w, https:\/\/alicier.com\/wp-content\/uploads\/2020\/12\/attache-masque-camaieu-bleu-turquoise-material2-80x60.jpg 80w, https:\/\/alicier.com\/wp-content\/uploads\/2020\/12\/attache-masque-camaieu-bleu-turquoise-material2.jpg 1280w\" sizes=\"auto, (max-width: 1024px) 100vw, 1024px\" \/><figcaption>liste des perles miyuki delicas bleu canard<\/figcaption><\/figure>\n\n\n\n<p>Liens affili\u00e9s :<\/p>\n\n\n\n<ul class=\"wp-block-list\"><li><a href=\"https:\/\/www.perlesandco.com\/Miyuki-Delicas-Duracoat-110-DB1831-Galvanized-Silver-x8g-p-28066.html?affiliate_banner_id=1&amp;ref=2191\">Miyuki Delicas Duracoat 11\/0 DB1831 &#8211; Galvanized Silver<\/a><\/li><li><a href=\"https:\/\/www.perlesandco.com\/Miyuki-Delicas-110-DB0201-Opaque-White-Pearl-Ceylon-x8g-p-10508.html?affiliate_banner_id=1&amp;ref=2191\">Miyuki Delicas 11\/0 DB0201 &#8211; Opaque White Pearl Ceylon<\/a><\/li><li><a href=\"https:\/\/www.perlesandco.com\/Miyuki-Delicas-110-DB1596-Mat-Opaque-Agate-Blue-AB-x-8g-p-75851.html?affiliate_banner_id=1&amp;ref=2191\">Miyuki Delicas 11\/0 DB1596 &#8211; Mat Opaque Agate Blue AB<\/a><\/li><li><a href=\"https:\/\/www.perlesandco.com\/Miyuki-Delicas-110-DB0799-Dyed-Semi-Mat-Opaque-Lavender-x8g-p-12589.html?affiliate_banner_id=1&amp;ref=2191\">Miyuki Delicas 11\/0 DB0799 &#8211; Dyed Semi Mat Opaque Lavender<\/a><\/li><li><a href=\"https:\/\/www.perlesandco.com\/Miyuki-Delicas-Duracoat-110-DB2191-Dyed-Navy-Silver-Lined-x8g-p-85324.html?affiliate_banner_id=1&amp;ref=2191\">Miyuki Delicas Duracoat 11\/0 DB2191 &#8211; Dyed Navy Silver Lined<\/a><\/li><li><a href=\"https:\/\/www.perlesandco.com\/Miyuki-Delicas-110-DB0307-Mat-Metallic-Silver-Gray-x8g-p-10412.html?affiliate_banner_id=1&amp;ref=2191\">Miyuki Delicas 11\/0 DB0307 &#8211; Mat Metallic Silver Gray<\/a><\/li><li><a href=\"https:\/\/www.perlesandco.com\/Miyuki-Delicas-Duracoat-110-DB2131-Opaque-Eucalyptus-x8g-p-94339.html?affiliate_banner_id=1&amp;ref=2191\">Miyuki Delicas Duracoat 11\/0 DB2131 &#8211; Opaque Eucalyptus<\/a><\/li><li><a href=\"https:\/\/www.perlesandco.com\/Miyuki-Delicas-Duracoat-110-DB2356-Opaque-Dyed-Pale-Turquoise-x8g-p-152201.html?affiliate_banner_id=1&amp;ref=2191\">Miyuki Delicas Duracoat 11\/0 DB2356 &#8211; Opaque Dyed Pale Turquoise<\/a><\/li><li><a href=\"https:\/\/www.perlesandco.com\/Bouton-a-queue-en-metal-et-nacre-teintee-Atelier-Brunette-Quartz-10mm-Midnight-x1-p-251201.html?affiliate_banner_id=1&amp;ref=2191\">Bouton Atelier Brunette Quartz 10mm Midnight x2<\/a><\/li><li><a href=\"https:\/\/www.perlesandco.com\/Fil-Miyuki-Nylon-Beading-thread-B-0.25-mm-Eggshell-(n02)-x50-m-p-21489.html?affiliate_banner_id=1&amp;ref=2191\">Fil Miyuki Nylon Beading thread B 0.25 mm Eggshell (n\u00b002) x50 m<\/a><\/li><li><a href=\"https:\/\/www.perlesandco.com\/Aiguilles-a-perler-Miyuki-extra-fines-x6-p-11358.html?affiliate_banner_id=1&amp;ref=2191\">Aiguilles \u00e0 perler Miyuki extra fines x6<\/a><\/li><li><a href=\"https:\/\/www.perlesandco.com\/Chutes-de-cuir-de-luxe-en-morceaux-de-tailles-textures-differentes-Bleu-x-200g-p-160091.html?affiliate_banner_id=1&amp;ref=2191\">Chutes de cuir de luxe Bleu<\/a> pour le coller au dos du tissage peut \u00eatre remplac\u00e9 par du simili cuir, de la su\u00e9dine ou de la feutrine.<\/li><\/ul>\n","protected":false},"excerpt":{"rendered":"<p>Retrouvez ici la grille pour r\u00e9aliser cet attache masque en perles. Pour cr\u00e9er cet attache masque, je me suis inspir\u00e9e de deux tutoriels vid\u00e9os que j&#8217;ai pr\u00e9c\u00e9demment r\u00e9alis\u00e9. Le premier est le tutoriel attache-masque. Le deuxi\u00e8me un bracelet que vous avez beaucoup aim\u00e9 sur ma cha\u00eene. <\/p>\n","protected":false},"author":1,"featured_media":102,"comment_status":"closed","ping_status":"open","sticky":false,"template":"","format":"standard","meta":{"_jetpack_memberships_contains_paid_content":false,"footnotes":""},"categories":[4,3],"tags":[23,9,11,13,14,22],"class_list":{"0":"post-101","1":"post","2":"type-post","3":"status-publish","4":"format-standard","5":"has-post-thumbnail","7":"category-tissage-de-perles","8":"category-tutoriels-diy","9":"tag-attache-masque","10":"tag-grille-de-tissage","11":"tag-miyuki","12":"tag-peyote-impair","13":"tag-tissage-de-perles","14":"tag-tissage-miyuki"},"yoast_head":"<!-- This site is optimized with the Yoast SEO plugin v27.4 - https:\/\/yoast.com\/product\/yoast-seo-wordpress\/ -->\n<title>TUTO - Grille de tissage pour attache masque en perles<\/title>\n<meta name=\"description\" content=\"Pour cr\u00e9er cet attache masque en perles, je me suis inspir\u00e9e de deux tutoriels vid\u00e9os que j&#039;ai pr\u00e9c\u00e9demment r\u00e9alis\u00e9. Retrouvez ici la grille.\" \/>\n<meta name=\"robots\" content=\"index, follow, max-snippet:-1, max-image-preview:large, max-video-preview:-1\" \/>\n<link rel=\"canonical\" href=\"https:\/\/alicier.com\/index.php\/2020\/12\/30\/grille-de-tissage-attache-masque-en-perles-miyuki\/\" \/>\n<meta property=\"og:locale\" content=\"fr_FR\" \/>\n<meta property=\"og:type\" content=\"article\" \/>\n<meta property=\"og:title\" content=\"TUTO - Grille de tissage pour attache masque en perles\" \/>\n<meta property=\"og:description\" content=\"Pour cr\u00e9er cet attache masque en perles, je me suis inspir\u00e9e de deux tutoriels vid\u00e9os que j&#039;ai pr\u00e9c\u00e9demment r\u00e9alis\u00e9. Retrouvez ici la grille.\" \/>\n<meta property=\"og:url\" content=\"https:\/\/alicier.com\/index.php\/2020\/12\/30\/grille-de-tissage-attache-masque-en-perles-miyuki\/\" \/>\n<meta property=\"og:site_name\" content=\"Alicier\" \/>\n<meta property=\"article:published_time\" content=\"2020-12-30T19:33:45+00:00\" \/>\n<meta property=\"article:modified_time\" content=\"2024-07-01T20:02:24+00:00\" \/>\n<meta property=\"og:image\" content=\"https:\/\/alicier.com\/wp-content\/uploads\/2020\/12\/attache-masque-camaieu-bleu-turquoise-presentation.jpg\" \/>\n\t<meta property=\"og:image:width\" content=\"1280\" \/>\n\t<meta property=\"og:image:height\" content=\"720\" \/>\n\t<meta property=\"og:image:type\" content=\"image\/jpeg\" \/>\n<meta name=\"author\" content=\"alicier\" \/>\n<meta name=\"twitter:card\" content=\"summary_large_image\" \/>\n<meta name=\"twitter:label1\" content=\"\u00c9crit par\" \/>\n\t<meta name=\"twitter:data1\" content=\"alicier\" \/>\n\t<meta name=\"twitter:label2\" content=\"Dur\u00e9e de lecture estim\u00e9e\" \/>\n\t<meta name=\"twitter:data2\" content=\"3 minutes\" \/>\n<script type=\"application\/ld+json\" class=\"yoast-schema-graph\">{\"@context\":\"https:\\\/\\\/schema.org\",\"@graph\":[{\"@type\":\"Article\",\"@id\":\"https:\\\/\\\/alicier.com\\\/index.php\\\/2020\\\/12\\\/30\\\/grille-de-tissage-attache-masque-en-perles-miyuki\\\/#article\",\"isPartOf\":{\"@id\":\"https:\\\/\\\/alicier.com\\\/index.php\\\/2020\\\/12\\\/30\\\/grille-de-tissage-attache-masque-en-perles-miyuki\\\/\"},\"author\":{\"name\":\"alicier\",\"@id\":\"https:\\\/\\\/alicier.com\\\/#\\\/schema\\\/person\\\/0333e66d3dc612b286e50a271bf6f26b\"},\"headline\":\"Transformer une Grille de Bracelet en Attache masque en perles Miyuki\",\"datePublished\":\"2020-12-30T19:33:45+00:00\",\"dateModified\":\"2024-07-01T20:02:24+00:00\",\"mainEntityOfPage\":{\"@id\":\"https:\\\/\\\/alicier.com\\\/index.php\\\/2020\\\/12\\\/30\\\/grille-de-tissage-attache-masque-en-perles-miyuki\\\/\"},\"wordCount\":712,\"publisher\":{\"@id\":\"https:\\\/\\\/alicier.com\\\/#organization\"},\"image\":{\"@id\":\"https:\\\/\\\/alicier.com\\\/index.php\\\/2020\\\/12\\\/30\\\/grille-de-tissage-attache-masque-en-perles-miyuki\\\/#primaryimage\"},\"thumbnailUrl\":\"https:\\\/\\\/alicier.com\\\/wp-content\\\/uploads\\\/2020\\\/12\\\/attache-masque-camaieu-bleu-turquoise-presentation.jpg\",\"keywords\":[\"attache-masque\",\"grille de tissage\",\"miyuki\",\"peyote impair\",\"tissage de perles\",\"tissage miyuki\"],\"articleSection\":[\"Tissage de perles\",\"Tutoriels DIY\"],\"inLanguage\":\"fr-FR\"},{\"@type\":\"WebPage\",\"@id\":\"https:\\\/\\\/alicier.com\\\/index.php\\\/2020\\\/12\\\/30\\\/grille-de-tissage-attache-masque-en-perles-miyuki\\\/\",\"url\":\"https:\\\/\\\/alicier.com\\\/index.php\\\/2020\\\/12\\\/30\\\/grille-de-tissage-attache-masque-en-perles-miyuki\\\/\",\"name\":\"TUTO - Grille de tissage pour attache masque en perles\",\"isPartOf\":{\"@id\":\"https:\\\/\\\/alicier.com\\\/#website\"},\"primaryImageOfPage\":{\"@id\":\"https:\\\/\\\/alicier.com\\\/index.php\\\/2020\\\/12\\\/30\\\/grille-de-tissage-attache-masque-en-perles-miyuki\\\/#primaryimage\"},\"image\":{\"@id\":\"https:\\\/\\\/alicier.com\\\/index.php\\\/2020\\\/12\\\/30\\\/grille-de-tissage-attache-masque-en-perles-miyuki\\\/#primaryimage\"},\"thumbnailUrl\":\"https:\\\/\\\/alicier.com\\\/wp-content\\\/uploads\\\/2020\\\/12\\\/attache-masque-camaieu-bleu-turquoise-presentation.jpg\",\"datePublished\":\"2020-12-30T19:33:45+00:00\",\"dateModified\":\"2024-07-01T20:02:24+00:00\",\"description\":\"Pour cr\u00e9er cet attache masque en perles, je me suis inspir\u00e9e de deux tutoriels vid\u00e9os que j'ai pr\u00e9c\u00e9demment r\u00e9alis\u00e9. Retrouvez ici la grille.\",\"breadcrumb\":{\"@id\":\"https:\\\/\\\/alicier.com\\\/index.php\\\/2020\\\/12\\\/30\\\/grille-de-tissage-attache-masque-en-perles-miyuki\\\/#breadcrumb\"},\"inLanguage\":\"fr-FR\",\"potentialAction\":[{\"@type\":\"ReadAction\",\"target\":[\"https:\\\/\\\/alicier.com\\\/index.php\\\/2020\\\/12\\\/30\\\/grille-de-tissage-attache-masque-en-perles-miyuki\\\/\"]}]},{\"@type\":\"ImageObject\",\"inLanguage\":\"fr-FR\",\"@id\":\"https:\\\/\\\/alicier.com\\\/index.php\\\/2020\\\/12\\\/30\\\/grille-de-tissage-attache-masque-en-perles-miyuki\\\/#primaryimage\",\"url\":\"https:\\\/\\\/alicier.com\\\/wp-content\\\/uploads\\\/2020\\\/12\\\/attache-masque-camaieu-bleu-turquoise-presentation.jpg\",\"contentUrl\":\"https:\\\/\\\/alicier.com\\\/wp-content\\\/uploads\\\/2020\\\/12\\\/attache-masque-camaieu-bleu-turquoise-presentation.jpg\",\"width\":1280,\"height\":720,\"caption\":\"attache masque en perles miyuki\"},{\"@type\":\"BreadcrumbList\",\"@id\":\"https:\\\/\\\/alicier.com\\\/index.php\\\/2020\\\/12\\\/30\\\/grille-de-tissage-attache-masque-en-perles-miyuki\\\/#breadcrumb\",\"itemListElement\":[{\"@type\":\"ListItem\",\"position\":1,\"name\":\"Accueil\",\"item\":\"https:\\\/\\\/alicier.com\\\/\"},{\"@type\":\"ListItem\",\"position\":2,\"name\":\"Transformer une Grille de Bracelet en Attache masque en perles Miyuki\"}]},{\"@type\":\"WebSite\",\"@id\":\"https:\\\/\\\/alicier.com\\\/#website\",\"url\":\"https:\\\/\\\/alicier.com\\\/\",\"name\":\"Alicier\",\"description\":\"Perles &amp; DIY\",\"publisher\":{\"@id\":\"https:\\\/\\\/alicier.com\\\/#organization\"},\"potentialAction\":[{\"@type\":\"SearchAction\",\"target\":{\"@type\":\"EntryPoint\",\"urlTemplate\":\"https:\\\/\\\/alicier.com\\\/?s={search_term_string}\"},\"query-input\":{\"@type\":\"PropertyValueSpecification\",\"valueRequired\":true,\"valueName\":\"search_term_string\"}}],\"inLanguage\":\"fr-FR\"},{\"@type\":\"Organization\",\"@id\":\"https:\\\/\\\/alicier.com\\\/#organization\",\"name\":\"Alicier\",\"url\":\"https:\\\/\\\/alicier.com\\\/\",\"logo\":{\"@type\":\"ImageObject\",\"inLanguage\":\"fr-FR\",\"@id\":\"https:\\\/\\\/alicier.com\\\/#\\\/schema\\\/logo\\\/image\\\/\",\"url\":\"https:\\\/\\\/alicier.com\\\/wp-content\\\/uploads\\\/2025\\\/04\\\/cropped-icon_alicier_2025_100.png\",\"contentUrl\":\"https:\\\/\\\/alicier.com\\\/wp-content\\\/uploads\\\/2025\\\/04\\\/cropped-icon_alicier_2025_100.png\",\"width\":100,\"height\":100,\"caption\":\"Alicier\"},\"image\":{\"@id\":\"https:\\\/\\\/alicier.com\\\/#\\\/schema\\\/logo\\\/image\\\/\"}},{\"@type\":\"Person\",\"@id\":\"https:\\\/\\\/alicier.com\\\/#\\\/schema\\\/person\\\/0333e66d3dc612b286e50a271bf6f26b\",\"name\":\"alicier\",\"image\":{\"@type\":\"ImageObject\",\"inLanguage\":\"fr-FR\",\"@id\":\"https:\\\/\\\/secure.gravatar.com\\\/avatar\\\/5820d3b4e8bdf37a15bc30c16fd884483a1e0c115cfddf91cc56e96da37811fa?s=96&d=mm&r=g\",\"url\":\"https:\\\/\\\/secure.gravatar.com\\\/avatar\\\/5820d3b4e8bdf37a15bc30c16fd884483a1e0c115cfddf91cc56e96da37811fa?s=96&d=mm&r=g\",\"contentUrl\":\"https:\\\/\\\/secure.gravatar.com\\\/avatar\\\/5820d3b4e8bdf37a15bc30c16fd884483a1e0c115cfddf91cc56e96da37811fa?s=96&d=mm&r=g\",\"caption\":\"alicier\"},\"sameAs\":[\"https:\\\/\\\/alicier.com\"],\"url\":\"https:\\\/\\\/alicier.com\\\/index.php\\\/author\\\/alicier\\\/\"}]}<\/script>\n<!-- \/ Yoast SEO plugin. -->","yoast_head_json":{"title":"TUTO - Grille de tissage pour attache masque en perles","description":"Pour cr\u00e9er cet attache masque en perles, je me suis inspir\u00e9e de deux tutoriels vid\u00e9os que j'ai pr\u00e9c\u00e9demment r\u00e9alis\u00e9. Retrouvez ici la grille.","robots":{"index":"index","follow":"follow","max-snippet":"max-snippet:-1","max-image-preview":"max-image-preview:large","max-video-preview":"max-video-preview:-1"},"canonical":"https:\/\/alicier.com\/index.php\/2020\/12\/30\/grille-de-tissage-attache-masque-en-perles-miyuki\/","og_locale":"fr_FR","og_type":"article","og_title":"TUTO - Grille de tissage pour attache masque en perles","og_description":"Pour cr\u00e9er cet attache masque en perles, je me suis inspir\u00e9e de deux tutoriels vid\u00e9os que j'ai pr\u00e9c\u00e9demment r\u00e9alis\u00e9. Retrouvez ici la grille.","og_url":"https:\/\/alicier.com\/index.php\/2020\/12\/30\/grille-de-tissage-attache-masque-en-perles-miyuki\/","og_site_name":"Alicier","article_published_time":"2020-12-30T19:33:45+00:00","article_modified_time":"2024-07-01T20:02:24+00:00","og_image":[{"width":1280,"height":720,"url":"https:\/\/alicier.com\/wp-content\/uploads\/2020\/12\/attache-masque-camaieu-bleu-turquoise-presentation.jpg","type":"image\/jpeg"}],"author":"alicier","twitter_card":"summary_large_image","twitter_misc":{"\u00c9crit par":"alicier","Dur\u00e9e de lecture estim\u00e9e":"3 minutes"},"schema":{"@context":"https:\/\/schema.org","@graph":[{"@type":"Article","@id":"https:\/\/alicier.com\/index.php\/2020\/12\/30\/grille-de-tissage-attache-masque-en-perles-miyuki\/#article","isPartOf":{"@id":"https:\/\/alicier.com\/index.php\/2020\/12\/30\/grille-de-tissage-attache-masque-en-perles-miyuki\/"},"author":{"name":"alicier","@id":"https:\/\/alicier.com\/#\/schema\/person\/0333e66d3dc612b286e50a271bf6f26b"},"headline":"Transformer une Grille de Bracelet en Attache masque en perles Miyuki","datePublished":"2020-12-30T19:33:45+00:00","dateModified":"2024-07-01T20:02:24+00:00","mainEntityOfPage":{"@id":"https:\/\/alicier.com\/index.php\/2020\/12\/30\/grille-de-tissage-attache-masque-en-perles-miyuki\/"},"wordCount":712,"publisher":{"@id":"https:\/\/alicier.com\/#organization"},"image":{"@id":"https:\/\/alicier.com\/index.php\/2020\/12\/30\/grille-de-tissage-attache-masque-en-perles-miyuki\/#primaryimage"},"thumbnailUrl":"https:\/\/alicier.com\/wp-content\/uploads\/2020\/12\/attache-masque-camaieu-bleu-turquoise-presentation.jpg","keywords":["attache-masque","grille de tissage","miyuki","peyote impair","tissage de perles","tissage miyuki"],"articleSection":["Tissage de perles","Tutoriels DIY"],"inLanguage":"fr-FR"},{"@type":"WebPage","@id":"https:\/\/alicier.com\/index.php\/2020\/12\/30\/grille-de-tissage-attache-masque-en-perles-miyuki\/","url":"https:\/\/alicier.com\/index.php\/2020\/12\/30\/grille-de-tissage-attache-masque-en-perles-miyuki\/","name":"TUTO - Grille de tissage pour attache masque en perles","isPartOf":{"@id":"https:\/\/alicier.com\/#website"},"primaryImageOfPage":{"@id":"https:\/\/alicier.com\/index.php\/2020\/12\/30\/grille-de-tissage-attache-masque-en-perles-miyuki\/#primaryimage"},"image":{"@id":"https:\/\/alicier.com\/index.php\/2020\/12\/30\/grille-de-tissage-attache-masque-en-perles-miyuki\/#primaryimage"},"thumbnailUrl":"https:\/\/alicier.com\/wp-content\/uploads\/2020\/12\/attache-masque-camaieu-bleu-turquoise-presentation.jpg","datePublished":"2020-12-30T19:33:45+00:00","dateModified":"2024-07-01T20:02:24+00:00","description":"Pour cr\u00e9er cet attache masque en perles, je me suis inspir\u00e9e de deux tutoriels vid\u00e9os que j'ai pr\u00e9c\u00e9demment r\u00e9alis\u00e9. Retrouvez ici la grille.","breadcrumb":{"@id":"https:\/\/alicier.com\/index.php\/2020\/12\/30\/grille-de-tissage-attache-masque-en-perles-miyuki\/#breadcrumb"},"inLanguage":"fr-FR","potentialAction":[{"@type":"ReadAction","target":["https:\/\/alicier.com\/index.php\/2020\/12\/30\/grille-de-tissage-attache-masque-en-perles-miyuki\/"]}]},{"@type":"ImageObject","inLanguage":"fr-FR","@id":"https:\/\/alicier.com\/index.php\/2020\/12\/30\/grille-de-tissage-attache-masque-en-perles-miyuki\/#primaryimage","url":"https:\/\/alicier.com\/wp-content\/uploads\/2020\/12\/attache-masque-camaieu-bleu-turquoise-presentation.jpg","contentUrl":"https:\/\/alicier.com\/wp-content\/uploads\/2020\/12\/attache-masque-camaieu-bleu-turquoise-presentation.jpg","width":1280,"height":720,"caption":"attache masque en perles miyuki"},{"@type":"BreadcrumbList","@id":"https:\/\/alicier.com\/index.php\/2020\/12\/30\/grille-de-tissage-attache-masque-en-perles-miyuki\/#breadcrumb","itemListElement":[{"@type":"ListItem","position":1,"name":"Accueil","item":"https:\/\/alicier.com\/"},{"@type":"ListItem","position":2,"name":"Transformer une Grille de Bracelet en Attache masque en perles Miyuki"}]},{"@type":"WebSite","@id":"https:\/\/alicier.com\/#website","url":"https:\/\/alicier.com\/","name":"Alicier","description":"Perles &amp; DIY","publisher":{"@id":"https:\/\/alicier.com\/#organization"},"potentialAction":[{"@type":"SearchAction","target":{"@type":"EntryPoint","urlTemplate":"https:\/\/alicier.com\/?s={search_term_string}"},"query-input":{"@type":"PropertyValueSpecification","valueRequired":true,"valueName":"search_term_string"}}],"inLanguage":"fr-FR"},{"@type":"Organization","@id":"https:\/\/alicier.com\/#organization","name":"Alicier","url":"https:\/\/alicier.com\/","logo":{"@type":"ImageObject","inLanguage":"fr-FR","@id":"https:\/\/alicier.com\/#\/schema\/logo\/image\/","url":"https:\/\/alicier.com\/wp-content\/uploads\/2025\/04\/cropped-icon_alicier_2025_100.png","contentUrl":"https:\/\/alicier.com\/wp-content\/uploads\/2025\/04\/cropped-icon_alicier_2025_100.png","width":100,"height":100,"caption":"Alicier"},"image":{"@id":"https:\/\/alicier.com\/#\/schema\/logo\/image\/"}},{"@type":"Person","@id":"https:\/\/alicier.com\/#\/schema\/person\/0333e66d3dc612b286e50a271bf6f26b","name":"alicier","image":{"@type":"ImageObject","inLanguage":"fr-FR","@id":"https:\/\/secure.gravatar.com\/avatar\/5820d3b4e8bdf37a15bc30c16fd884483a1e0c115cfddf91cc56e96da37811fa?s=96&d=mm&r=g","url":"https:\/\/secure.gravatar.com\/avatar\/5820d3b4e8bdf37a15bc30c16fd884483a1e0c115cfddf91cc56e96da37811fa?s=96&d=mm&r=g","contentUrl":"https:\/\/secure.gravatar.com\/avatar\/5820d3b4e8bdf37a15bc30c16fd884483a1e0c115cfddf91cc56e96da37811fa?s=96&d=mm&r=g","caption":"alicier"},"sameAs":["https:\/\/alicier.com"],"url":"https:\/\/alicier.com\/index.php\/author\/alicier\/"}]}},"jetpack_featured_media_url":"https:\/\/alicier.com\/wp-content\/uploads\/2020\/12\/attache-masque-camaieu-bleu-turquoise-presentation.jpg","jetpack_sharing_enabled":true,"_links":{"self":[{"href":"https:\/\/alicier.com\/index.php\/wp-json\/wp\/v2\/posts\/101","targetHints":{"allow":["GET"]}}],"collection":[{"href":"https:\/\/alicier.com\/index.php\/wp-json\/wp\/v2\/posts"}],"about":[{"href":"https:\/\/alicier.com\/index.php\/wp-json\/wp\/v2\/types\/post"}],"author":[{"embeddable":true,"href":"https:\/\/alicier.com\/index.php\/wp-json\/wp\/v2\/users\/1"}],"replies":[{"embeddable":true,"href":"https:\/\/alicier.com\/index.php\/wp-json\/wp\/v2\/comments?post=101"}],"version-history":[{"count":7,"href":"https:\/\/alicier.com\/index.php\/wp-json\/wp\/v2\/posts\/101\/revisions"}],"predecessor-version":[{"id":130,"href":"https:\/\/alicier.com\/index.php\/wp-json\/wp\/v2\/posts\/101\/revisions\/130"}],"wp:featuredmedia":[{"embeddable":true,"href":"https:\/\/alicier.com\/index.php\/wp-json\/wp\/v2\/media\/102"}],"wp:attachment":[{"href":"https:\/\/alicier.com\/index.php\/wp-json\/wp\/v2\/media?parent=101"}],"wp:term":[{"taxonomy":"category","embeddable":true,"href":"https:\/\/alicier.com\/index.php\/wp-json\/wp\/v2\/categories?post=101"},{"taxonomy":"post_tag","embeddable":true,"href":"https:\/\/alicier.com\/index.php\/wp-json\/wp\/v2\/tags?post=101"}],"curies":[{"name":"wp","href":"https:\/\/api.w.org\/{rel}","templated":true}]}}